{"id":18647,"date":"2025-03-31T12:33:17","date_gmt":"2025-03-31T10:33:17","guid":{"rendered":"https:\/\/www.rofu.de\/unternehmen\/?p=18647"},"modified":"2025-03-31T12:34:13","modified_gmt":"2025-03-31T10:34:13","slug":"wiedereroeffnung-der-filiale-in-idar-oberstein-nach-umbau","status":"publish","type":"post","link":"https:\/\/www.rofu.de\/unternehmen\/presse\/wiedereroeffnung-der-filiale-in-idar-oberstein-nach-umbau\/","title":{"rendered":"Wiederer\u00f6ffnung der Filiale in Idar-Oberstein nach Umbau"},"content":{"rendered":"\t\t<div data-elementor-type=\"wp-post\" data-elementor-id=\"18647\" class=\"elementor elementor-18647\" data-elementor-post-type=\"post\">\n\t\t\t\t\t\t<section class=\"elementor-section elementor-top-section elementor-element elementor-element-83b5e9c elementor-section-boxed elementor-section-height-default elementor-section-height-default\" data-id=\"83b5e9c\" data-element_type=\"section\" data-e-type=\"section\">\n\t\t\t\t\t\t<div class=\"elementor-container elementor-column-gap-default\">\n\t\t\t\t\t<div class=\"elementor-column elementor-col-100 elementor-top-column elementor-element elementor-element-fd68ee3\" data-id=\"fd68ee3\" data-element_type=\"column\" data-e-type=\"column\">\n\t\t\t<div class=\"elementor-widget-wrap elementor-element-populated\">\n\t\t\t\t\t\t<div class=\"elementor-element elementor-element-3c579ee elementor-widget elementor-widget-text-editor\" data-id=\"3c579ee\" data-element_type=\"widget\" data-e-type=\"widget\" data-widget_type=\"text-editor.default\">\n\t\t\t\t<div class=\"elementor-widget-container\">\n\t\t\t\t\t\t\t\t\t<p><strong>Spielwaren und mehr: ROFU feiert eine Woche lang Wiederer\u00f6ffnung in Idar-Oberstein!<\/strong><\/p>\t\t\t\t\t\t\t\t<\/div>\n\t\t\t\t<\/div>\n\t\t\t\t\t<\/div>\n\t\t<\/div>\n\t\t\t\t\t<\/div>\n\t\t<\/section>\n\t\t\t\t<section class=\"elementor-section elementor-top-section elementor-element elementor-element-3a86e02 elementor-section-boxed elementor-section-height-default elementor-section-height-default\" data-id=\"3a86e02\" data-element_type=\"section\" data-e-type=\"section\">\n\t\t\t\t\t\t<div class=\"elementor-container elementor-column-gap-default\">\n\t\t\t\t\t<div class=\"elementor-column elementor-col-100 elementor-top-column elementor-element elementor-element-a04e0bc\" data-id=\"a04e0bc\" data-element_type=\"column\" data-e-type=\"column\">\n\t\t\t<div class=\"elementor-widget-wrap elementor-element-populated\">\n\t\t\t\t\t\t<div class=\"elementor-element elementor-element-2bd1418 elementor-widget elementor-widget-image\" data-id=\"2bd1418\" data-element_type=\"widget\" data-e-type=\"widget\" data-widget_type=\"image.default\">\n\t\t\t\t<div class=\"elementor-widget-container\">\n\t\t\t\t\t\t\t\t\t\t\t\t\t\t\t<img fetchpriority=\"high\" decoding=\"async\" width=\"1077\" height=\"768\" src=\"https:\/\/www.rofu.de\/unternehmen\/wp-content\/uploads\/2025\/03\/Wiedereroeffnung_IO_Aussen_01.jpg\" class=\"attachment-large size-large wp-image-18677\" alt=\"\" srcset=\"https:\/\/www.rofu.de\/unternehmen\/wp-content\/uploads\/2025\/03\/Wiedereroeffnung_IO_Aussen_01.jpg 1077w, https:\/\/www.rofu.de\/unternehmen\/wp-content\/uploads\/2025\/03\/Wiedereroeffnung_IO_Aussen_01-300x214.jpg 300w, https:\/\/www.rofu.de\/unternehmen\/wp-content\/uploads\/2025\/03\/Wiedereroeffnung_IO_Aussen_01-768x548.jpg 768w, https:\/\/www.rofu.de\/unternehmen\/wp-content\/uploads\/2025\/03\/Wiedereroeffnung_IO_Aussen_01-18x12.jpg 18w\" sizes=\"(max-width: 1077px) 100vw, 1077px\" \/>\t\t\t\t\t\t\t\t\t\t\t\t\t\t\t<\/div>\n\t\t\t\t<\/div>\n\t\t\t\t\t<\/div>\n\t\t<\/div>\n\t\t\t\t\t<\/div>\n\t\t<\/section>\n\t\t\t\t<section class=\"elementor-section elementor-top-section elementor-element elementor-element-a6f5a50 elementor-section-boxed elementor-section-height-default elementor-section-height-default\" data-id=\"a6f5a50\" data-element_type=\"section\" data-e-type=\"section\">\n\t\t\t\t\t\t<div class=\"elementor-container elementor-column-gap-default\">\n\t\t\t\t\t<div class=\"elementor-column elementor-col-100 elementor-top-column elementor-element elementor-element-f78973d\" data-id=\"f78973d\" data-element_type=\"column\" data-e-type=\"column\">\n\t\t\t<div class=\"elementor-widget-wrap elementor-element-populated\">\n\t\t\t\t\t\t<div class=\"elementor-element elementor-element-623b845 elementor-widget elementor-widget-text-editor\" data-id=\"623b845\" data-element_type=\"widget\" data-e-type=\"widget\" data-widget_type=\"text-editor.default\">\n\t\t\t\t<div class=\"elementor-widget-container\">\n\t\t\t\t\t\t\t\t\t<p><span style=\"font-family: Verdana, sans-serif;font-size: 9pt\"><b>HOPPST\u00c4DTEN-WEIERSBACH im M\u00e4rz <\/b><\/span><span style=\"font-family: Verdana, sans-serif;font-size: 9pt\"><b>2025 \u2013 Am 31. M\u00e4rz \u00f6ffnet die ROFU Kinderland Filiale in der Vollmersbachstra\u00dfe 67 nach Umbauarbeiten wieder ihre T\u00fcren. Kleine und gro\u00dfe Kunden d\u00fcrfen sich auf eine Woche voller Rabatte und die gro\u00dfe Feier mit Rofulino und Co. am Samstag, den 5. April freuen. <\/b><\/span><\/p><p>ROFU Kinderland ist aus Idar-Oberstein ja gar nicht mehr wegzudenken &#8211; neben namhaften Shops geh\u00f6rt der Spielwaren-Experte mit dem gro\u00dfen Sortiment zu den Publikumsmagneten in Idar-Oberstein. Um das Shopping-Erlebnis f\u00fcr kleine und gro\u00dfe Kunden zu optimieren, wurde die Filiale in der Vollmersbach Stra\u00dfe 67 mit ihren 1.132 Quadratmetern Verkaufsfl\u00e4che aufwendig renoviert und umgebaut. <strong>Am Montag, den 31.03.25, \u00f6ffnet ROFU nun im neuen Glanz wieder die T\u00fcren<\/strong> und hei\u00dft alte und neue Kunden die ganze Woche \u00fcber mit <strong>20 Prozent Wiederer\u00f6ffnungs-Rabatt<\/strong> (auf einen Lieblingsartikel) willkommen. <strong>Am Samstag, dem 05.04.25 kr\u00f6nt ein buntes Familienprogramm<\/strong> mit spannenden Aktionen die Wiederer\u00f6ffnungs-Woche. Selbstverst\u00e4ndlich wie immer bei allen ROFU-Festen mit von der Partie: Rofulino, das sympathische Maskottchen von ROFU Kinderland!<\/p><p><br \/>\u201eMit Idar-Oberstein f\u00fchlen wir uns schon wegen der N\u00e4he zu unserer ROFU-Zentrale immer sehr verbunden. Um unseren Kunden ein noch eindrucksvolleres Einkaufserlebnis zu bieten, erh\u00f6hen wir jetzt in der frisch renovierten Filiale nochmal den Erlebnisfaktor\u201d, so Arnold Petri, Verkaufsleiter ROFU Kinderland.<\/p><p><br \/><strong>Er darf bei keinem ROFU-Fest fehlen: Rofulino, das ROFU Kinderland Maskottchen.<\/strong> <br \/>Der lustige Fuchs begr\u00fc\u00dft seine kleinen und gro\u00dfen Fans am Wiederer\u00f6ffnungs-Fest in Idar-Oberstein selbstverst\u00e4ndlich pers\u00f6nlich, steht f\u00fcr Erinnerungsfotos bereit und verteilt kleine Geschenke. Au\u00dferdem erhalten alle Kunden in der Er\u00f6ffnungswoche bis einschlie\u00dflich 05.04.25 20 Prozent Rabatt auf einen Artikel ihrer Wahl.<\/p><p><strong>Das macht Lust auf Ostern und den Fr\u00fchling: Osterdeko und Geschenkartikel von Mica Living.<\/strong><br \/>Von s\u00fc\u00dfen Osterhasen aus Porzellan \u00fcber freche Wichtelfiguren bis hin zu bunten Deko-Eiern und H\u00fchnern: Bei ROFU Kinderland finden Kunden neben Spiel- und Baby-Waren auch reichlich Inspiration, um Haus und Garten stilvoll und chic f\u00fcr die Oster- und Fr\u00fchlingszeit zu dekorieren.<\/p><p><br \/><strong>Tipps f\u00fcr Shopping-Fans:<\/strong><br \/>\u25cf <strong>Click &amp; Collect:<\/strong> Mit Click &amp; Collect bietet ROFU Kinderland die M\u00f6glichkeit, Online-Bestellungen auf rofu.de kostenlos in einer Wunschfiliale abzuholen. <br \/>\u25cf <strong>Attraktive Eigenmarken:<\/strong> Mit Besttoy, Mica, Mica College und Mica Festival wird hohe Qualit\u00e4t zu attraktiven Niedrigpreisen geboten und somit eine preiswerte Alternative zu Markenprodukten geschaffen.<br \/>\u25cf <strong>Coole Collectibles f\u00fcr Kidults:<\/strong> Angesagte Sammelfiguren und Sammelkarten f\u00fcr junggebliebene Erwachsene, die sich ihre Leidenschaft f\u00fcr Spielzeug bewahrt haben.<\/p>\t\t\t\t\t\t\t\t<\/div>\n\t\t\t\t<\/div>\n\t\t\t\t\t<\/div>\n\t\t<\/div>\n\t\t\t\t\t<\/div>\n\t\t<\/section>\n\t\t\t\t<\/div>\n\t\t","protected":false},"excerpt":{"rendered":"<p>Spielwaren und mehr: ROFU feiert eine Woche lang Wiederer\u00f6ffnung in Idar-Oberstein! HOPPST\u00c4DTEN-WEIERSBACH im M\u00e4rz 2025 \u2013 Am 31. M\u00e4rz \u00f6ffnet die ROFU Kinderland Filiale in der Vollmersbachstra\u00dfe 67 nach Umbauarbeiten wieder ihre T\u00fcren. Kleine und gro\u00dfe Kunden d\u00fcrfen sich auf eine Woche voller Rabatte und die gro\u00dfe Feier mit Rofulino und Co. am Samstag, den [&hellip;]<\/p>\n","protected":false},"author":21,"featured_media":18677,"comment_status":"open","ping_status":"open","sticky":false,"template":"","format":"standard","meta":{"footnotes":""},"categories":[1],"tags":[],"class_list":["post-18647","post","type-post","status-publish","format-standard","has-post-thumbnail","hentry","category-allgemein","entry","has-media"],"yoast_head":"<!-- This site is optimized with the Yoast SEO plugin v27.8 - https:\/\/yoast.com\/product\/yoast-seo-wordpress\/ -->\n<title>Wiederer\u00f6ffnung der Filiale in Idar-Oberstein nach Umbau - ROFU Kinderland<\/title>\n<meta name=\"robots\" content=\"index, follow, max-snippet:-1, max-image-preview:large, max-video-preview:-1\" \/>\n<link rel=\"canonical\" href=\"https:\/\/www.rofu.de\/unternehmen\/presse\/wiedereroeffnung-der-filiale-in-idar-oberstein-nach-umbau\/\" \/>\n<meta property=\"og:locale\" content=\"de_DE\" \/>\n<meta property=\"og:type\" content=\"article\" \/>\n<meta property=\"og:title\" content=\"Wiederer\u00f6ffnung der Filiale in Idar-Oberstein nach Umbau - ROFU Kinderland\" \/>\n<meta property=\"og:description\" content=\"Spielwaren und mehr: ROFU feiert eine Woche lang Wiederer\u00f6ffnung in Idar-Oberstein! HOPPST\u00c4DTEN-WEIERSBACH im M\u00e4rz 2025 \u2013 Am 31. M\u00e4rz \u00f6ffnet die ROFU Kinderland Filiale in der Vollmersbachstra\u00dfe 67 nach Umbauarbeiten wieder ihre T\u00fcren. Kleine und gro\u00dfe Kunden d\u00fcrfen sich auf eine Woche voller Rabatte und die gro\u00dfe Feier mit Rofulino und Co. am Samstag, den [&hellip;]\" \/>\n<meta property=\"og:url\" content=\"https:\/\/www.rofu.de\/unternehmen\/presse\/wiedereroeffnung-der-filiale-in-idar-oberstein-nach-umbau\/\" \/>\n<meta property=\"og:site_name\" content=\"ROFU Kinderland\" \/>\n<meta property=\"article:publisher\" content=\"https:\/\/www.facebook.com\/RofuKinderland\/\" \/>\n<meta property=\"article:published_time\" content=\"2025-03-31T10:33:17+00:00\" \/>\n<meta property=\"article:modified_time\" content=\"2025-03-31T10:34:13+00:00\" \/>\n<meta property=\"og:image\" content=\"https:\/\/www.rofu.de\/unternehmen\/wp-content\/uploads\/2025\/03\/Wiedereroeffnung_IO_Aussen_01.jpg\" \/>\n\t<meta property=\"og:image:width\" content=\"1077\" \/>\n\t<meta property=\"og:image:height\" content=\"768\" \/>\n\t<meta property=\"og:image:type\" content=\"image\/jpeg\" \/>\n<meta name=\"twitter:card\" content=\"summary_large_image\" \/>\n<meta name=\"twitter:label1\" content=\"Verfasst von\" \/>\n\t<meta name=\"twitter:data1\" content=\"\" \/>\n\t<meta name=\"twitter:label2\" content=\"Gesch\u00e4tzte Lesezeit\" \/>\n\t<meta name=\"twitter:data2\" content=\"3\u00a0Minuten\" \/>\n<script type=\"application\/ld+json\" class=\"yoast-schema-graph\">{\"@context\":\"https:\\\/\\\/schema.org\",\"@graph\":[{\"@type\":\"Article\",\"@id\":\"https:\\\/\\\/www.rofu.de\\\/unternehmen\\\/presse\\\/wiedereroeffnung-der-filiale-in-idar-oberstein-nach-umbau\\\/#article\",\"isPartOf\":{\"@id\":\"https:\\\/\\\/www.rofu.de\\\/unternehmen\\\/presse\\\/wiedereroeffnung-der-filiale-in-idar-oberstein-nach-umbau\\\/\"},\"author\":{\"name\":\"\",\"@id\":\"\"},\"headline\":\"Wiederer\u00f6ffnung der Filiale in Idar-Oberstein nach Umbau\",\"datePublished\":\"2025-03-31T10:33:17+00:00\",\"dateModified\":\"2025-03-31T10:34:13+00:00\",\"mainEntityOfPage\":{\"@id\":\"https:\\\/\\\/www.rofu.de\\\/unternehmen\\\/presse\\\/wiedereroeffnung-der-filiale-in-idar-oberstein-nach-umbau\\\/\"},\"wordCount\":428,\"commentCount\":0,\"publisher\":{\"@id\":\"https:\\\/\\\/www.rofu.de\\\/unternehmen\\\/#organization\"},\"image\":{\"@id\":\"https:\\\/\\\/www.rofu.de\\\/unternehmen\\\/presse\\\/wiedereroeffnung-der-filiale-in-idar-oberstein-nach-umbau\\\/#primaryimage\"},\"thumbnailUrl\":\"https:\\\/\\\/www.rofu.de\\\/unternehmen\\\/wp-content\\\/uploads\\\/2025\\\/03\\\/Wiedereroeffnung_IO_Aussen_01.jpg\",\"inLanguage\":\"de\",\"potentialAction\":[{\"@type\":\"CommentAction\",\"name\":\"Comment\",\"target\":[\"https:\\\/\\\/www.rofu.de\\\/unternehmen\\\/presse\\\/wiedereroeffnung-der-filiale-in-idar-oberstein-nach-umbau\\\/#respond\"]}]},{\"@type\":\"WebPage\",\"@id\":\"https:\\\/\\\/www.rofu.de\\\/unternehmen\\\/presse\\\/wiedereroeffnung-der-filiale-in-idar-oberstein-nach-umbau\\\/\",\"url\":\"https:\\\/\\\/www.rofu.de\\\/unternehmen\\\/presse\\\/wiedereroeffnung-der-filiale-in-idar-oberstein-nach-umbau\\\/\",\"name\":\"Wiederer\u00f6ffnung der Filiale in Idar-Oberstein nach Umbau - ROFU Kinderland\",\"isPartOf\":{\"@id\":\"https:\\\/\\\/www.rofu.de\\\/unternehmen\\\/#website\"},\"primaryImageOfPage\":{\"@id\":\"https:\\\/\\\/www.rofu.de\\\/unternehmen\\\/presse\\\/wiedereroeffnung-der-filiale-in-idar-oberstein-nach-umbau\\\/#primaryimage\"},\"image\":{\"@id\":\"https:\\\/\\\/www.rofu.de\\\/unternehmen\\\/presse\\\/wiedereroeffnung-der-filiale-in-idar-oberstein-nach-umbau\\\/#primaryimage\"},\"thumbnailUrl\":\"https:\\\/\\\/www.rofu.de\\\/unternehmen\\\/wp-content\\\/uploads\\\/2025\\\/03\\\/Wiedereroeffnung_IO_Aussen_01.jpg\",\"datePublished\":\"2025-03-31T10:33:17+00:00\",\"dateModified\":\"2025-03-31T10:34:13+00:00\",\"breadcrumb\":{\"@id\":\"https:\\\/\\\/www.rofu.de\\\/unternehmen\\\/presse\\\/wiedereroeffnung-der-filiale-in-idar-oberstein-nach-umbau\\\/#breadcrumb\"},\"inLanguage\":\"de\",\"potentialAction\":[{\"@type\":\"ReadAction\",\"target\":[\"https:\\\/\\\/www.rofu.de\\\/unternehmen\\\/presse\\\/wiedereroeffnung-der-filiale-in-idar-oberstein-nach-umbau\\\/\"]}]},{\"@type\":\"ImageObject\",\"inLanguage\":\"de\",\"@id\":\"https:\\\/\\\/www.rofu.de\\\/unternehmen\\\/presse\\\/wiedereroeffnung-der-filiale-in-idar-oberstein-nach-umbau\\\/#primaryimage\",\"url\":\"https:\\\/\\\/www.rofu.de\\\/unternehmen\\\/wp-content\\\/uploads\\\/2025\\\/03\\\/Wiedereroeffnung_IO_Aussen_01.jpg\",\"contentUrl\":\"https:\\\/\\\/www.rofu.de\\\/unternehmen\\\/wp-content\\\/uploads\\\/2025\\\/03\\\/Wiedereroeffnung_IO_Aussen_01.jpg\",\"width\":1077,\"height\":768},{\"@type\":\"BreadcrumbList\",\"@id\":\"https:\\\/\\\/www.rofu.de\\\/unternehmen\\\/presse\\\/wiedereroeffnung-der-filiale-in-idar-oberstein-nach-umbau\\\/#breadcrumb\",\"itemListElement\":[{\"@type\":\"ListItem\",\"position\":1,\"name\":\"ROFU.de\\\/unternehmen\",\"item\":\"https:\\\/\\\/www.rofu.de\\\/unternehmen\\\/\"},{\"@type\":\"ListItem\",\"position\":2,\"name\":\"Wiederer\u00f6ffnung der Filiale in Idar-Oberstein nach Umbau\"}]},{\"@type\":\"WebSite\",\"@id\":\"https:\\\/\\\/www.rofu.de\\\/unternehmen\\\/#website\",\"url\":\"https:\\\/\\\/www.rofu.de\\\/unternehmen\\\/\",\"name\":\"ROFU Kinderland | Unternehmen\",\"description\":\"ROFU Kinderland Unternehmen\",\"publisher\":{\"@id\":\"https:\\\/\\\/www.rofu.de\\\/unternehmen\\\/#organization\"},\"potentialAction\":[{\"@type\":\"SearchAction\",\"target\":{\"@type\":\"EntryPoint\",\"urlTemplate\":\"https:\\\/\\\/www.rofu.de\\\/unternehmen\\\/?s={search_term_string}\"},\"query-input\":{\"@type\":\"PropertyValueSpecification\",\"valueRequired\":true,\"valueName\":\"search_term_string\"}}],\"inLanguage\":\"de\"},{\"@type\":\"Organization\",\"@id\":\"https:\\\/\\\/www.rofu.de\\\/unternehmen\\\/#organization\",\"name\":\"ROFU Kinderland Spielwarenhandelsgesellschaft mbH\",\"url\":\"https:\\\/\\\/www.rofu.de\\\/unternehmen\\\/\",\"logo\":{\"@type\":\"ImageObject\",\"inLanguage\":\"de\",\"@id\":\"https:\\\/\\\/www.rofu.de\\\/unternehmen\\\/#\\\/schema\\\/logo\\\/image\\\/\",\"url\":\"https:\\\/\\\/www.rofu.de\\\/unternehmen\\\/wp-content\\\/uploads\\\/2021\\\/02\\\/logo.png\",\"contentUrl\":\"https:\\\/\\\/www.rofu.de\\\/unternehmen\\\/wp-content\\\/uploads\\\/2021\\\/02\\\/logo.png\",\"width\":1000,\"height\":250,\"caption\":\"ROFU Kinderland Spielwarenhandelsgesellschaft mbH\"},\"image\":{\"@id\":\"https:\\\/\\\/www.rofu.de\\\/unternehmen\\\/#\\\/schema\\\/logo\\\/image\\\/\"},\"sameAs\":[\"https:\\\/\\\/www.facebook.com\\\/RofuKinderland\\\/\",\"https:\\\/\\\/www.instagram.com\\\/rofukinderland\\\/\"]},{\"@type\":\"Person\",\"@id\":\"\"}]}<\/script>\n<!-- \/ Yoast SEO plugin. -->","yoast_head_json":{"title":"Wiederer\u00f6ffnung der Filiale in Idar-Oberstein nach Umbau - ROFU Kinderland","robots":{"index":"index","follow":"follow","max-snippet":"max-snippet:-1","max-image-preview":"max-image-preview:large","max-video-preview":"max-video-preview:-1"},"canonical":"https:\/\/www.rofu.de\/unternehmen\/presse\/wiedereroeffnung-der-filiale-in-idar-oberstein-nach-umbau\/","og_locale":"de_DE","og_type":"article","og_title":"Wiederer\u00f6ffnung der Filiale in Idar-Oberstein nach Umbau - ROFU Kinderland","og_description":"Spielwaren und mehr: ROFU feiert eine Woche lang Wiederer\u00f6ffnung in Idar-Oberstein! HOPPST\u00c4DTEN-WEIERSBACH im M\u00e4rz 2025 \u2013 Am 31. M\u00e4rz \u00f6ffnet die ROFU Kinderland Filiale in der Vollmersbachstra\u00dfe 67 nach Umbauarbeiten wieder ihre T\u00fcren. Kleine und gro\u00dfe Kunden d\u00fcrfen sich auf eine Woche voller Rabatte und die gro\u00dfe Feier mit Rofulino und Co. am Samstag, den [&hellip;]","og_url":"https:\/\/www.rofu.de\/unternehmen\/presse\/wiedereroeffnung-der-filiale-in-idar-oberstein-nach-umbau\/","og_site_name":"ROFU Kinderland","article_publisher":"https:\/\/www.facebook.com\/RofuKinderland\/","article_published_time":"2025-03-31T10:33:17+00:00","article_modified_time":"2025-03-31T10:34:13+00:00","og_image":[{"width":1077,"height":768,"url":"https:\/\/www.rofu.de\/unternehmen\/wp-content\/uploads\/2025\/03\/Wiedereroeffnung_IO_Aussen_01.jpg","type":"image\/jpeg"}],"twitter_card":"summary_large_image","twitter_misc":{"Verfasst von":"","Gesch\u00e4tzte Lesezeit":"3\u00a0Minuten"},"schema":{"@context":"https:\/\/schema.org","@graph":[{"@type":"Article","@id":"https:\/\/www.rofu.de\/unternehmen\/presse\/wiedereroeffnung-der-filiale-in-idar-oberstein-nach-umbau\/#article","isPartOf":{"@id":"https:\/\/www.rofu.de\/unternehmen\/presse\/wiedereroeffnung-der-filiale-in-idar-oberstein-nach-umbau\/"},"author":{"name":"","@id":""},"headline":"Wiederer\u00f6ffnung der Filiale in Idar-Oberstein nach Umbau","datePublished":"2025-03-31T10:33:17+00:00","dateModified":"2025-03-31T10:34:13+00:00","mainEntityOfPage":{"@id":"https:\/\/www.rofu.de\/unternehmen\/presse\/wiedereroeffnung-der-filiale-in-idar-oberstein-nach-umbau\/"},"wordCount":428,"commentCount":0,"publisher":{"@id":"https:\/\/www.rofu.de\/unternehmen\/#organization"},"image":{"@id":"https:\/\/www.rofu.de\/unternehmen\/presse\/wiedereroeffnung-der-filiale-in-idar-oberstein-nach-umbau\/#primaryimage"},"thumbnailUrl":"https:\/\/www.rofu.de\/unternehmen\/wp-content\/uploads\/2025\/03\/Wiedereroeffnung_IO_Aussen_01.jpg","inLanguage":"de","potentialAction":[{"@type":"CommentAction","name":"Comment","target":["https:\/\/www.rofu.de\/unternehmen\/presse\/wiedereroeffnung-der-filiale-in-idar-oberstein-nach-umbau\/#respond"]}]},{"@type":"WebPage","@id":"https:\/\/www.rofu.de\/unternehmen\/presse\/wiedereroeffnung-der-filiale-in-idar-oberstein-nach-umbau\/","url":"https:\/\/www.rofu.de\/unternehmen\/presse\/wiedereroeffnung-der-filiale-in-idar-oberstein-nach-umbau\/","name":"Wiederer\u00f6ffnung der Filiale in Idar-Oberstein nach Umbau - ROFU Kinderland","isPartOf":{"@id":"https:\/\/www.rofu.de\/unternehmen\/#website"},"primaryImageOfPage":{"@id":"https:\/\/www.rofu.de\/unternehmen\/presse\/wiedereroeffnung-der-filiale-in-idar-oberstein-nach-umbau\/#primaryimage"},"image":{"@id":"https:\/\/www.rofu.de\/unternehmen\/presse\/wiedereroeffnung-der-filiale-in-idar-oberstein-nach-umbau\/#primaryimage"},"thumbnailUrl":"https:\/\/www.rofu.de\/unternehmen\/wp-content\/uploads\/2025\/03\/Wiedereroeffnung_IO_Aussen_01.jpg","datePublished":"2025-03-31T10:33:17+00:00","dateModified":"2025-03-31T10:34:13+00:00","breadcrumb":{"@id":"https:\/\/www.rofu.de\/unternehmen\/presse\/wiedereroeffnung-der-filiale-in-idar-oberstein-nach-umbau\/#breadcrumb"},"inLanguage":"de","potentialAction":[{"@type":"ReadAction","target":["https:\/\/www.rofu.de\/unternehmen\/presse\/wiedereroeffnung-der-filiale-in-idar-oberstein-nach-umbau\/"]}]},{"@type":"ImageObject","inLanguage":"de","@id":"https:\/\/www.rofu.de\/unternehmen\/presse\/wiedereroeffnung-der-filiale-in-idar-oberstein-nach-umbau\/#primaryimage","url":"https:\/\/www.rofu.de\/unternehmen\/wp-content\/uploads\/2025\/03\/Wiedereroeffnung_IO_Aussen_01.jpg","contentUrl":"https:\/\/www.rofu.de\/unternehmen\/wp-content\/uploads\/2025\/03\/Wiedereroeffnung_IO_Aussen_01.jpg","width":1077,"height":768},{"@type":"BreadcrumbList","@id":"https:\/\/www.rofu.de\/unternehmen\/presse\/wiedereroeffnung-der-filiale-in-idar-oberstein-nach-umbau\/#breadcrumb","itemListElement":[{"@type":"ListItem","position":1,"name":"ROFU.de\/unternehmen","item":"https:\/\/www.rofu.de\/unternehmen\/"},{"@type":"ListItem","position":2,"name":"Wiederer\u00f6ffnung der Filiale in Idar-Oberstein nach Umbau"}]},{"@type":"WebSite","@id":"https:\/\/www.rofu.de\/unternehmen\/#website","url":"https:\/\/www.rofu.de\/unternehmen\/","name":"ROFU Kinderland | Unternehmen","description":"ROFU Kinderland Unternehmen","publisher":{"@id":"https:\/\/www.rofu.de\/unternehmen\/#organization"},"potentialAction":[{"@type":"SearchAction","target":{"@type":"EntryPoint","urlTemplate":"https:\/\/www.rofu.de\/unternehmen\/?s={search_term_string}"},"query-input":{"@type":"PropertyValueSpecification","valueRequired":true,"valueName":"search_term_string"}}],"inLanguage":"de"},{"@type":"Organization","@id":"https:\/\/www.rofu.de\/unternehmen\/#organization","name":"ROFU Kinderland Spielwarenhandelsgesellschaft mbH","url":"https:\/\/www.rofu.de\/unternehmen\/","logo":{"@type":"ImageObject","inLanguage":"de","@id":"https:\/\/www.rofu.de\/unternehmen\/#\/schema\/logo\/image\/","url":"https:\/\/www.rofu.de\/unternehmen\/wp-content\/uploads\/2021\/02\/logo.png","contentUrl":"https:\/\/www.rofu.de\/unternehmen\/wp-content\/uploads\/2021\/02\/logo.png","width":1000,"height":250,"caption":"ROFU Kinderland Spielwarenhandelsgesellschaft mbH"},"image":{"@id":"https:\/\/www.rofu.de\/unternehmen\/#\/schema\/logo\/image\/"},"sameAs":["https:\/\/www.facebook.com\/RofuKinderland\/","https:\/\/www.instagram.com\/rofukinderland\/"]},{"@type":"Person","@id":""}]}},"_links":{"self":[{"href":"https:\/\/www.rofu.de\/unternehmen\/wp-json\/wp\/v2\/posts\/18647","targetHints":{"allow":["GET"]}}],"collection":[{"href":"https:\/\/www.rofu.de\/unternehmen\/wp-json\/wp\/v2\/posts"}],"about":[{"href":"https:\/\/www.rofu.de\/unternehmen\/wp-json\/wp\/v2\/types\/post"}],"author":[{"embeddable":true,"href":"https:\/\/www.rofu.de\/unternehmen\/wp-json\/wp\/v2\/users\/21"}],"replies":[{"embeddable":true,"href":"https:\/\/www.rofu.de\/unternehmen\/wp-json\/wp\/v2\/comments?post=18647"}],"version-history":[{"count":13,"href":"https:\/\/www.rofu.de\/unternehmen\/wp-json\/wp\/v2\/posts\/18647\/revisions"}],"predecessor-version":[{"id":18680,"href":"https:\/\/www.rofu.de\/unternehmen\/wp-json\/wp\/v2\/posts\/18647\/revisions\/18680"}],"wp:featuredmedia":[{"embeddable":true,"href":"https:\/\/www.rofu.de\/unternehmen\/wp-json\/wp\/v2\/media\/18677"}],"wp:attachment":[{"href":"https:\/\/www.rofu.de\/unternehmen\/wp-json\/wp\/v2\/media?parent=18647"}],"wp:term":[{"taxonomy":"category","embeddable":true,"href":"https:\/\/www.rofu.de\/unternehmen\/wp-json\/wp\/v2\/categories?post=18647"},{"taxonomy":"post_tag","embeddable":true,"href":"https:\/\/www.rofu.de\/unternehmen\/wp-json\/wp\/v2\/tags?post=18647"}],"curies":[{"name":"wp","href":"https:\/\/api.w.org\/{rel}","templated":true}]}}